{"data":{"pageMeta":{"siteSection":"main","header":{"mainMenu":[{"typeName":"menuItemBlock","pageLink":{"text":"V\u00E5ra fastigheter","target":null,"url":"/vara-fastigheter/"},"childPageLinks":[]},{"typeName":"menuItemBlock","pageLink":{"text":"Uppdraget","target":null,"url":"/uppdraget/"},"childPageLinks":[{"text":"Byggprojekt","target":null,"url":"/uppdraget/byggprojekt/"},{"text":"Skog och mark","target":null,"url":"/uppdraget/skog-och-mark/"},{"text":"V\u00E5ra byggnader","target":null,"url":"/uppdraget/vara-byggnader/"}]},{"typeName":"menuItemBlock","pageLink":{"text":"Uthyres","target":null,"url":"/uthyres-och-till-salu/"},"childPageLinks":[]},{"typeName":"menuItemBlock","pageLink":{"text":"I fokus","target":null,"url":"/i-fokus/"},"childPageLinks":[]},{"typeName":"menuItemBlock","pageLink":{"text":"Om SFV","target":null,"url":"/om-sfv/"},"childPageLinks":[]}],"secondaryMenu":[{"typeName":"menuItemBlock","pageLink":{"text":"Sev\u00E4rt","target":null,"url":"/sevart/"},"childPageLinks":[]},{"typeName":"menuItemBlock","pageLink":{"text":"Kulturv\u00E4rden","target":null,"url":"/kulturvarden/"},"childPageLinks":[]},{"typeName":"menuItemBlock","pageLink":{"text":"Hyresg\u00E4st \u0026 felanm\u00E4lan","target":"_blank","url":"https://hyresgast.sfv.se/vara-fastigheter/hyresgast-och-felanmalan"},"childPageLinks":[]}]},"footer":{"mainMenu":[{"typeName":"menuItemBlock","pageLink":{"text":"V\u00E5ra fastigheter","target":null,"url":"/vara-fastigheter/"},"childPageLinks":[]},{"typeName":"menuItemBlock","pageLink":{"text":"Om SFV","target":null,"url":"/om-sfv/"},"childPageLinks":[]},{"typeName":"menuItemBlock","pageLink":{"text":"Uthyres","target":null,"url":"/uthyres-och-till-salu/"},"childPageLinks":[]},{"typeName":"menuItemBlock","pageLink":{"text":"I fokus","target":null,"url":"/i-fokus/"},"childPageLinks":[]},{"typeName":"menuItemBlock","pageLink":{"text":"Byggprojekt","target":null,"url":"/uppdraget/byggprojekt/"},"childPageLinks":[]},{"typeName":"menuItemBlock","pageLink":{"text":"Sev\u00E4rt","target":null,"url":"/sevart/"},"childPageLinks":[]},{"typeName":"menuItemBlock","pageLink":{"text":"Kulturv\u00E4rden","target":null,"url":"/kulturvarden/"},"childPageLinks":[]}],"secondaryMenu":[{"typeName":"menuItemBlock","pageLink":{"text":"Jobba hos oss","target":null,"url":"/om-sfv/jobba-hos-oss/"},"childPageLinks":[]},{"typeName":"menuItemBlock","pageLink":{"text":"F\u00F6r leverant\u00F6r","target":null,"url":"/om-sfv/for-leverantor/"},"childPageLinks":[]},{"typeName":"menuItemBlock","pageLink":null,"childPageLinks":[]},{"typeName":"menuItemBlock","pageLink":{"text":"Hyresg\u00E4st \u0026 felanm\u00E4lan","target":null,"url":"https://hyresgast.sfv.se/vara-fastigheter/hyresgast-och-felanmalan/"},"childPageLinks":[]},{"typeName":"menuItemBlock","pageLink":{"text":"Om webbplatsen","target":null,"url":"/om-sfv/om-webbplatsen/"},"childPageLinks":[]}]},"breadcrumbs":null,"seo":{"title":"Start | SFV","description":"","keywords":"","robots":null,"changeFrequency":"","priority":"0"},"openGraph":{"title":"","description":"","image":{"typeName":"imageAsset","altText":"Ett tak med stuckatur och bladguld som har tv\u00E4ttats rent p\u00E5 ett st\u00E4lle s\u00E5 man ser skillanden och hur gr\u00E5tt det var f\u00F6re tv\u00E4tt.","width":1500,"height":1000,"url":"https://sfv-cms-integration.bazooka.dev/media/dctj3nuh/vitahavet_hero_liggande.jpg","focalPointLeft":null,"focalPointTop":null,"imageOwner":"Urban J\u00F6r\u00E9n"}}},"pageTypeName":"startPage","pageContent":{"typeName":"startPage","url":"/","heroBlock":{"typeName":"superHeroBlock","heading":"Vi f\u00F6rvaltar historien om Sverige","image":{"typeName":"imageAsset","altText":"Ett tak med stuckatur och bladguld som har tv\u00E4ttats rent p\u00E5 ett st\u00E4lle s\u00E5 man ser skillanden och hur gr\u00E5tt det var f\u00F6re tv\u00E4tt.","width":1500,"height":1000,"url":"https://sfv-cms-integration.bazooka.dev/media/dctj3nuh/vitahavet_hero_liggande.jpg","focalPointLeft":null,"focalPointTop":null,"imageOwner":"Urban J\u00F6r\u00E9n"},"video":{"url":"https://sfv-cms-integration.bazooka.dev/media/fyznpocl/superhero_banken_.mp4"},"link":{"text":"Till inneh\u00E5ll","target":null,"url":"#intro"},"overlay":"solid","opacity":27},"noticeBlock":{"typeName":"noticeBlock","heading":"Klarg\u00F6rande g\u00E4llande kulturinstitutioner med kostnadshyra","text":"\u003Cp\u003ESedan en tid p\u00E5g\u00E5r en intensiv debatt om hyress\u00E4ttningen f\u00F6r de kulturfastigheter som SFV f\u00F6rvaltar. M\u00E5nga blandar ihop kostnaderna som vi har f\u00F6r att sk\u00F6ta fastigheterna, med v\u00E5ra olika modeller f\u00F6r hyress\u00E4ttning som regeringen har beslutat om.\u003C/p\u003E","date":"2026-02-16T00:00:00","link":null},"preamble":"\u003Cp\u003EStatens fastighetsverk tar hand om och utvecklar v\u00E5ra gemensamma kulturhistoriskt v\u00E4rdefulla milj\u00F6er och byggnader. H\u00E5llbart och l\u00E5ngsiktigt f\u00F6r kommande generationer.\u003C/p\u003E","entryLinks":[{"text":"Om myndigheten SFV","target":null,"url":"/om-sfv/lar-kanna-sfv/"},{"text":"Byggprojekt","target":null,"url":"/uppdraget/byggprojekt/"},{"text":"Hyresg\u00E4st \u0026 felanm\u00E4lan","target":null,"url":"https://hyresgast.sfv.se/vara-fastigheter/hyresgast-och-felanmalan/"}],"mainBlocks":[{"typeName":"teaserSectionBlock","labels":null,"section":"main","heading":"Nu har vi putsat klart fasaden","text":"\u003Cp\u003EV\u00E4lkommen till v\u00E5r nya webbplats, s\u00E5 h\u00E4r fin blev den! Under ett \u00E5rs tid har vi putsat fasaden till sfv.se, f\u00F6r att det ska bli \u00E4n mer lustfyllt att uppt\u00E4cka v\u00E5rt gemensamma natur- och kulturarv. Vi har ocks\u00E5 gjort inneh\u00E5llet p\u00E5 webbplatsen mer tillg\u00E4ngligt, s\u00E5 att du l\u00E4ttare hittar det som \u00E4r viktigt. Kika runt och uppt\u00E4ck allt fr\u00E5n myndigheten SFV:s uppdrag till vackra platser att gifta sig p\u00E5.\u0026nbsp;\u003C/p\u003E","image":{"typeName":"imageAsset","altText":"Isala kungslada. I den falur\u00F6da timmerfasaden har m\u00E5nga ristat in namn och \u00E5rtal under \u00E5ren.","width":2144,"height":2856,"url":"https://sfv-cms-integration.bazooka.dev/media/wscjwes2/img_1132.jpg","focalPointLeft":null,"focalPointTop":null,"imageOwner":"Eva Rosander"},"link":{"text":"I fokus","target":null,"url":"/i-fokus/"},"layout":"card","fullwidth":false,"siteSection":null},{"typeName":"teaserGridSectionBlock","heading":"Aktuellt","mainBlocks":[{"typeName":"teaserGridBlock","labels":["Tema"],"section":"main","heading":"Plats f\u00F6r k\u00E4rlek","text":"\u003Cp\u003EOscar-Fredriksborgs f\u00E4stning utanf\u00F6r Vaxholm sl\u00E5r upp sina portar f\u00F6r fem utvalda brudpar och blir en plats f\u00F6r k\u00E4rlek.\u003C/p\u003E","image":{"typeName":"imageAsset","altText":"","width":1600,"height":1200,"url":"https://sfv-cms-integration.bazooka.dev/media/r44j10fi/brollop-god-natt-042.jpg","focalPointLeft":null,"focalPointTop":null,"imageOwner":""},"link":{"text":"Plats f\u00F6r k\u00E4rlek","target":null,"url":"/i-fokus/plats-for-karlek/"},"siteSection":null},{"typeName":"teaserGridBlock","labels":["Vi firar"],"section":"main","heading":"Nationalstadsparken","text":"\u003Cdiv class=\u0022editorial\u0022\u003E\n\u003Cdiv class=\u0022editorial-preamble\u0022\u003E\n\u003Cp\u003EV\u00E4rldens f\u00F6rsta och Sveriges enda nationalstadspark firar 30 \u00E5r och \u00E4r Stockholms mest bes\u00F6kta rekreationsomr\u00E5de. Under \u00E5ret firas jubileet med m\u00E5nga evenemang runt om i parken.\u00A0\u003C/p\u003E\n\u003C/div\u003E\n\u003C/div\u003E","image":{"typeName":"imageAsset","altText":"Port in till Haga slottspark.\u00C5","width":2953,"height":2953,"url":"https://sfv-cms-integration.bazooka.dev/media/gt4ncd21/hagaport-ael.jpg","focalPointLeft":0.5012532997656851,"focalPointTop":0.3243818628053383,"imageOwner":"\u00C5ke E:son Lindman"},"link":{"text":"Nationalstadsparken","target":null,"url":"/i-fokus/nationalstadsparken/"},"siteSection":null},{"typeName":"teaserGridBlock","labels":["Semester"],"section":"main","heading":"Sommarfavoriter att bes\u00F6ka","text":"\u003Cp\u003ESFV f\u00F6rvaltar bes\u00F6ksm\u00E5l, som bara v\u00E4ntar p\u00E5 att du ska titta f\u00F6rbi i sommar. Botanisera bland tinnar och torn, titor och tusensk\u00F6nor.\u0026nbsp;\u003C/p\u003E","image":{"typeName":"imageAsset","altText":"SFV:s Sara Tauberman h\u00E4lsar p\u00E5 Gustav II Adolf och Axel Oxenstj\u00E4rna i Svartsj\u00F6 slottspark.","width":3135,"height":4180,"url":"https://sfv-cms-integration.bazooka.dev/media/mslnln1i/svartsj\u00F6saraimg_7373.jpg","focalPointLeft":0.4135095916163002,"focalPointTop":0.889146106745433,"imageOwner":"SFV/Sara Tauberman"},"link":{"text":"Sommarfavoriter att bes\u00F6ka","target":null,"url":"/i-fokus/sommarfavoriter-att-besoka/"},"siteSection":null}],"siteSection":null},{"typeName":"teaserListSectionBlock","heading":"Nyheter","teasers":[{"labels":["Nyhet"],"section":"main","heading":"Nu inleds upprustningen av Kronobergs slottsruin","text":"\u003Cp\u003EStatens fastighetsverk (SFV) har nu p\u00E5b\u00F6rjat renoveringen av Kronobergs slottsruin \u2013 en satsning p\u00E5 upp till 25 miljoner kronor som g\u00F6r det m\u00F6jligt f\u00F6r V\u00E4xj\u00F6 kommun att ta \u00F6ver och...\u003C/p\u003E","image":{"typeName":"imageAsset","altText":"Slottsruinen med sin nya bro. Sommar och gr\u00F6nska.","width":4032,"height":3024,"url":"https://sfv-cms-integration.bazooka.dev/media/4hbjxczj/img_7851.jpg","focalPointLeft":0.5,"focalPointTop":0.5,"imageOwner":"Mia Fernlund"},"link":{"text":"Slott","target":null,"url":"/i-fokus/slott/"},"tags":null,"sortDate":"2023-02-06T20:26:06Z"},{"labels":["Nyhet"],"section":"main","heading":"Nu inleds upprustningen av Kronobergs slottsruin","text":"\u003Cp\u003EStatens fastighetsverk (SFV) har nu p\u00E5b\u00F6rjat renoveringen av Kronobergs slottsruin \u2013 en satsning p\u00E5 upp till 25 miljoner kronor som g\u00F6r det m\u00F6jligt f\u00F6r V\u00E4xj\u00F6 kommun att ta \u00F6ver och...\u003C/p\u003E","image":{"typeName":"imageAsset","altText":"Slottsruinen med sin nya bro. Sommar och gr\u00F6nska.","width":4032,"height":3024,"url":"https://sfv-cms-integration.bazooka.dev/media/4hbjxczj/img_7851.jpg","focalPointLeft":0.5,"focalPointTop":0.5,"imageOwner":"Mia Fernlund"},"link":{"text":"Slott","target":null,"url":"/i-fokus/slott/"},"tags":null,"sortDate":"2023-02-06T20:26:06Z"},{"labels":["Nyhet"],"section":"main","heading":"Nu inleds upprustningen av Kronobergs slottsruin","text":"\u003Cp\u003EStatens fastighetsverk (SFV) har nu p\u00E5b\u00F6rjat renoveringen av Kronobergs slottsruin \u2013 en satsning p\u00E5 upp till 25 miljoner kronor som g\u00F6r det m\u00F6jligt f\u00F6r V\u00E4xj\u00F6 kommun att ta \u00F6ver och...\u003C/p\u003E","image":{"typeName":"imageAsset","altText":"Slottsruinen med sin nya bro. Sommar och gr\u00F6nska.","width":4032,"height":3024,"url":"https://sfv-cms-integration.bazooka.dev/media/4hbjxczj/img_7851.jpg","focalPointLeft":0.5,"focalPointTop":0.5,"imageOwner":"Mia Fernlund"},"link":{"text":"Slott","target":null,"url":"/i-fokus/slott/"},"tags":null,"sortDate":"2023-02-06T20:26:06Z"},{"labels":["Nyhet"],"section":"main","heading":"Nu inleds upprustningen av Kronobergs slottsruin","text":"\u003Cp\u003EStatens fastighetsverk (SFV) har nu p\u00E5b\u00F6rjat renoveringen av Kronobergs slottsruin \u2013 en satsning p\u00E5 upp till 25 miljoner kronor som g\u00F6r det m\u00F6jligt f\u00F6r V\u00E4xj\u00F6 kommun att ta \u00F6ver och...\u003C/p\u003E","image":{"typeName":"imageAsset","altText":"Slottsruinen med sin nya bro. Sommar och gr\u00F6nska.","width":4032,"height":3024,"url":"https://sfv-cms-integration.bazooka.dev/media/4hbjxczj/img_7851.jpg","focalPointLeft":0.5,"focalPointTop":0.5,"imageOwner":"Mia Fernlund"},"link":{"text":"Slott","target":null,"url":"/i-fokus/slott/"},"tags":null,"sortDate":"2023-02-06T20:26:06Z"}],"siteSection":null},{"typeName":"selectedEstatesSectionBlock","heading":"Ta del av ditt kulturarv","preamble":"\u003Cp\u003EI hela Sverige finns kulturhistoriskt v\u00E4rdefulla byggnader och milj\u00F6er som vi \u00E4ger gemensamt. SFV f\u00F6rvaltar dem h\u00E5llbart f\u00F6r framtida generationer.\u003C/p\u003E","estates":[{"video":{"url":"https://sfv-cms-integration.bazooka.dev/media/0n0ba5v0/glimmingehus-webbhero2.mp4"},"labels":["Slott och herres\u00E4te","Museum och teater"],"section":null,"heading":"Glimmingehus","text":"\u003Cp\u003EI sk\u00E5nsk v\u00E5tmark, en halvmil fr\u00E5n havet och Skillinge, l\u00E4t det danska riksr\u00E5det Jens Holgersen Ulfstand 1499 bygga ett femv\u00E5ningshus av sten, Glimmingehus.\u003C/p\u003E","image":{"typeName":"imageAsset","altText":"","width":2000,"height":979,"url":"https://sfv-cms-integration.bazooka.dev/media/lbpijax3/glimmingehus.jpg","focalPointLeft":null,"focalPointTop":null,"imageOwner":""},"link":{"text":"Glimmingehus","target":null,"url":"/vara-fastigheter/sverige/skane-lan/glimmingehus/"},"tags":[{"name":"Sk\u00E5ne l\u00E4n","icon":"map"},{"name":"Bes\u00F6ksm\u00E5l","icon":"visitor-attraction"}],"sortDate":"0001-01-01T00:00:00"},{"video":{"url":"https://sfv-cms-integration.bazooka.dev/media/fz4b5ix1/tarfala-webbhero.mp4"},"labels":["Universitet och utbildning","Skog och mark"],"section":null,"heading":"Tarfala forskningsstation","text":"\u003Cp\u003EStationen ligger 25 km fr\u00E5n n\u00E4rmaste v\u00E4g och \u00E4r mycket utsatt f\u00F6r v\u00E4drets makter. \u00C5r 1992 uppm\u00E4ttes det svenska vindbyrekordet i Tarfaladalen.\u003C/p\u003E","image":{"typeName":"imageAsset","altText":"R\u00F6tt hus med h\u00F6ga fj\u00E4ll i bakgrunden.","width":2560,"height":1440,"url":"https://sfv-cms-integration.bazooka.dev/media/hxeacfwm/dsc04404.jpg","focalPointLeft":null,"focalPointTop":null,"imageOwner":"Frieda Claesson"},"link":{"text":"Tarfala forskningsstation","target":null,"url":"/vara-fastigheter/sverige/norrbottens-lan/tarfala-forskningsstation/"},"tags":[{"name":"Norrbottens l\u00E4n","icon":"map"}],"sortDate":"0001-01-01T00:00:00"},{"video":{"url":"https://sfv-cms-integration.bazooka.dev/media/tzpg2sg0/dramaten-webbhero.mp4"},"labels":["Museum och teater"],"section":null,"heading":"Kungliga Dramaten","text":"\u003Cp class=\u0022MsoNormal\u0022\u003EVid Nybroplan st\u00E5r Kungliga Dramaten, vars utsmyckade fasad och rika interi\u00F6r speglar det tidiga 1900-talets ideal. Denna jugendbyggnad h\u00E4mtade inspiration fr\u00E5n bland annat Wien oc...\u003C/p\u003E","image":{"typeName":"imageAsset","altText":"Dramatens entr\u00E9. Flera tr\u00E4d\u00F6rrar i rad, t\u00E4ckta av en f\u00F6rgylld balkong och f\u00F6rgyllda skulpturer. ","width":1596,"height":1080,"url":"https://sfv-cms-integration.bazooka.dev/media/yaeb230k/dramaten.jpg","focalPointLeft":null,"focalPointTop":null,"imageOwner":"Claes Olsson"},"link":{"text":"Kungliga Dramaten","target":null,"url":"/vara-fastigheter/sverige/stockholms-lan/kulturinstitutioner/kungliga-dramaten/"},"tags":[{"name":"Stockholms l\u00E4n","icon":"map"},{"name":"Bes\u00F6ksm\u00E5l","icon":"visitor-attraction"}],"sortDate":"0001-01-01T00:00:00"},{"video":{"url":"https://sfv-cms-integration.bazooka.dev/media/0xgbv1d3/nidingen-webbhero.mp4"},"labels":["Fyr- och lotsplats","Kronoholme"],"section":null,"heading":"Nidingen Kungsbacka","text":"\u003Cp\u003EMed sina tre fyrtorn, sitt vackra l\u00E4ge och sitt rika f\u00E5gelliv \u00E4r den hall\u00E4ndska \u00F6n Nidingen ett popul\u00E4rt bes\u00F6ksm\u00E5l. Fyrtornens historia str\u00E4cker sig tillbaka till tidigt 1600-tal.\u003C/p\u003E","image":{"typeName":"imageAsset","altText":"Fyrplatsen p\u00E5 Nidingen. Tv\u00E5 \u00E4ldre fyrtorn och ett nyare, samt  omgivande byggnader. ","width":3888,"height":2592,"url":"https://sfv-cms-integration.bazooka.dev/media/adcn1wjt/200904-364.jpg","focalPointLeft":0.43478260869565216,"focalPointTop":0.628468434283546,"imageOwner":"Karin Gadde Jennische "},"link":{"text":"Nidingen Kungsbacka","target":null,"url":"/vara-fastigheter/sverige/hallands-lan/nidingen-kungsbacka/"},"tags":[{"name":"Hallands l\u00E4n","icon":"map"},{"name":"Bes\u00F6ksm\u00E5l","icon":"visitor-attraction"}],"sortDate":"0001-01-01T00:00:00"}],"link":{"text":"Se alla v\u00E5ra fastigheter","target":null,"url":"/vara-fastigheter/"}},{"typeName":"entryTeaserSectionBlock","introText":"Vi bjuder p\u00E5 sensommarbes\u00F6k i n\u00E5gra av de historiska tr\u00E4dg\u00E5rdar som finns i v\u00E5r f\u00F6rvaltning p\u00E5 Sev\u00E4rt - Sveriges minsta kulturkanal. ","link":{"text":"Bes\u00F6k Sev\u00E4rt","target":null,"url":"/sevart/"},"teasers":[{"labels":["Serie"],"section":"play","heading":"Hemliga rum","text":"7 avsnitt","image":{"typeName":"imageAsset","altText":"","width":1080,"height":1350,"url":"https://sfv-cms-integration.bazooka.dev/media/ydxd5uik/boden2-2.jpg","focalPointLeft":null,"focalPointTop":null,"imageOwner":"Pannrummet"},"link":{"text":"Hemliga rum","target":null,"url":"/sevart/hemliga-rum/"},"tags":null,"sortDate":"2023-09-21T12:44:05Z"},{"labels":["Serie"],"section":"play","heading":"Bak\u00E5tstr\u00E4varen","text":"6 avsnitt","image":{"typeName":"imageAsset","altText":"","width":400,"height":600,"url":"https://sfv-cms-integration.bazooka.dev/media/l3ibg12a/linolja.png","focalPointLeft":null,"focalPointTop":null,"imageOwner":""},"link":{"text":"Bak\u00E5tstr\u00E4varen","target":null,"url":"/sevart/bakatstravaren/"},"tags":null,"sortDate":"2023-09-26T12:36:35Z"},{"labels":["Film"],"section":"play","heading":"Myllrande myrmarker","text":"5:15","image":{"typeName":"imageAsset","altText":"","width":1518,"height":2160,"url":"https://sfv-cms-integration.bazooka.dev/media/xmvifeei/myrmarker_hero_staende.jpg","focalPointLeft":null,"focalPointTop":null,"imageOwner":""},"link":{"text":"Myllrande myrmarker","target":null,"url":"/sevart/notiser/myllrande-myrmarker/"},"tags":null,"sortDate":"2024-09-12T09:40:33Z"},{"labels":["Film"],"section":"play","heading":"Sidentapeter p\u00E5 Gripsholm","text":"3:45","image":{"typeName":"imageAsset","altText":"","width":800,"height":1200,"url":"https://sfv-cms-integration.bazooka.dev/media/pqsg4v5s/sidentapet_hero_staende.jpg","focalPointLeft":null,"focalPointTop":null,"imageOwner":""},"link":{"text":"Sidentapeter p\u00E5 Gripsholm","target":null,"url":"/sevart/notiser/sidentapeter-pa-gripsholm/"},"tags":null,"sortDate":"2024-09-12T09:54:21Z"},{"labels":["Historiska tr\u00E4dg\u00E5rdar"],"section":"play","heading":"L\u00E4ck\u00F6 k\u00F6kstr\u00E4dg\u00E5rd","text":"8:18","image":{"typeName":"imageAsset","altText":"","width":800,"height":1200,"url":"https://sfv-cms-integration.bazooka.dev/media/vheau5od/la-\u00EAcko-\u00EA_sta-\u00E8ende-1.jpg","focalPointLeft":null,"focalPointTop":null,"imageOwner":""},"link":{"text":"L\u00E4ck\u00F6 k\u00F6kstr\u00E4dg\u00E5rd","target":null,"url":"/sevart/historiska-tradgardar/sasong-1/lacko-kokstradgard/"},"tags":null,"sortDate":"2023-09-26T13:11:28Z"}],"section":"play"},{"typeName":"entryTeaserSectionBlock","introText":"Vi skriver om sp\u00E4nnande sev\u00E4rdheter, nya projekt och historiska milj\u00F6er, om fakta och kuriosa, stort och sm\u00E5tt.","link":{"text":"Bes\u00F6k Kulturv\u00E4rden","target":null,"url":"/kulturvarden/"},"teasers":[{"labels":["Artikel","Kulturv\u00E4rden 1, 2025"],"section":"kv","heading":"Kungligt i Kalmar","text":"\u003Cp\u003EKalmar slott har ofta st\u00E5tt i centrum i olika historiska skeenden, framf\u00F6r allt under Vasatiden. Dess storslagna yttre har alltid \u00ADfascinerat bes\u00F6kare, \u00E4ven om slottet ocks\u00E5 har ha...\u003C/p\u003E","image":{"typeName":"imageAsset","altText":"Borg-g\u00E5rden i Kalmar slott. P\u00E5 g\u00E5rden finns en brunn med en st\u00E5tlig \u00F6verbyggnad i sten med reliefer.","width":3168,"height":4752,"url":"https://sfv-cms-integration.bazooka.dev/media/xqpapz5a/img_9506.jpg","focalPointLeft":0.5,"focalPointTop":0.5,"imageOwner":"Alexandru Babos"},"link":{"text":"Kungligt i Kalmar","target":null,"url":"/kulturvarden/artiklar/kulturvarden-1-2025/kungligt-i-kalmar/"},"tags":null,"sortDate":"2025-03-18T11:19:56.417Z"},{"labels":["Artikel","Kulturv\u00E4rden 1, 2025"],"section":"kv","heading":"Tankar om tegel","text":"\u003Cp\u003ER\u00E4tt tillverkat och anv\u00E4nt \u00E4r tegel ett sinnligt material. F\u00E5 saker varar f\u00F6r evigt, men tegel kan komma bra n\u00E4ra. I B\u00E4ckaskogs slotts murar finns 800 \u00E5r av tegelhistoria. Men att ...\u003C/p\u003E","image":{"typeName":"imageAsset","altText":"Sin nuvarande utformning med den kringbyggda g\u00E5rden fick B\u00E4ckaskog under \u00E5ren 1584-1653, d\u00E5 det forna klostret byggdes om till en bef\u00E4st dansk slottsanl\u00E4ggning. Vid freden i Roskilde 1658 tillf\u00F6ll B\u00E4ckaskog Sverige.","width":4032,"height":2583,"url":"https://sfv-cms-integration.bazooka.dev/media/sn5hbj5e/dji_0939-ash-nv.jpg","focalPointLeft":null,"focalPointTop":null,"imageOwner":"Mattias Hedberg Ek"},"link":{"text":"Tankar om tegel","target":null,"url":"/kulturvarden/artiklar/kulturvarden-1-2025/tankar-om-tegel/"},"tags":null,"sortDate":"2025-03-18T16:18:39.973Z"},{"labels":["Artikel","Kulturv\u00E4rden 1, 2025"],"section":"kv","heading":"Utan cellskap i G\u00E4vle","text":"\u003Cp\u003EEn ingress text f\u00F6r \u0022utan cellskap i g\u00E4vle\u0022\u003C/p\u003E","image":{"typeName":"imageAsset","altText":"G\u00E4vle cellf\u00E4ngelse.","width":4032,"height":2818,"url":"https://sfv-cms-integration.bazooka.dev/media/nhajn1fh/finkan.jpg","focalPointLeft":null,"focalPointTop":null,"imageOwner":"SFV/Johan Bernes"},"link":{"text":"Utan cellskap i G\u00E4vle","target":null,"url":"/kulturvarden/artiklar/kulturvarden-1-2025/utan-cellskap-i-gavle/"},"tags":null,"sortDate":"2025-04-15T16:01:43.34Z"},{"labels":["Artikel","Kulturv\u00E4rden 1, 2025"],"section":"kv","heading":"Rudbecks terrasser","text":"","image":{"typeName":"imageAsset","altText":"Uppsala slott med den nytillverkade trappan mellan slottet och Botaniska tr\u00E4dg\u00E5rden. ","width":4032,"height":3174,"url":"https://sfv-cms-integration.bazooka.dev/media/ikbkoq3x/9806-022_r_trappaw.jpg","focalPointLeft":null,"focalPointTop":null,"imageOwner":"\u00C5ke E:son Lindman"},"link":{"text":"Rudbecks terrasser","target":null,"url":"/kulturvarden/artiklar/kulturvarden-1-2025/rudbecks-terrasser/"},"tags":null,"sortDate":"2025-04-16T11:31:09.263Z"},{"labels":["Artikel","Kulturv\u00E4rden 1, 2025"],"section":"kv","heading":"Operans scenbyte","text":"\u003Cp\u003EEfter bara drygt hundra \u00E5r revs Gustav III:s operahus 1892. D\u00E5 hade den unge arkitekten Axel Anderberg lagt fram ritningarna till ett nytt operahus p\u00E5 samma plats \u2013 en byggnad som ...\u003C/p\u003E","image":{"typeName":"imageAsset","altText":"F\u00F6rstudie Operabyggnaden, id\u00E9skiss perspektiv","width":2734,"height":1329,"url":"https://sfv-cms-integration.bazooka.dev/media/r4ql32hj/illustration-lundgaard-tranberg-arkitekter-ahrbompartner.jpg","focalPointLeft":null,"focalPointTop":null,"imageOwner":"Ahrbom \u0026 partner och Lundgaard \u0026 Tranberg"},"link":{"text":"Operans scenbyte","target":null,"url":"/kulturvarden/artiklar/kulturvarden-1-2025/operans-scenbyte/"},"tags":null,"sortDate":"2025-04-16T11:57:19.617Z"}],"section":"kv"},{"typeName":"teaserGridSectionBlock","heading":"","mainBlocks":[{"typeName":"teaserGridBlock","labels":["Artikel"],"section":"main","heading":"Regeringsuppdraget","text":"\u003Cp\u003ESFV:s uppdrag \u00E4r att f\u00F6rvalta och uppl\u00E5ta statens byggnader, anl\u00E4ggningar och milj\u00F6er, s\u00E5 att en god resurshush\u00E5llning och en h\u00F6g ekonomisk effektivitet uppn\u00E5s, samtidigt som vi bidrar till ett h\u00E5llbart byggande och en h\u00E5llbar f\u00F6rvaltning.\u003C/p\u003E","image":{"typeName":"imageAsset","altText":"Godnatts f\u00E4stning. Ett l\u00E5gt femkantigt torn av sten. ","width":4396,"height":4396,"url":"https://sfv-cms-integration.bazooka.dev/media/kr3ltsbt/bild_10_3668_0.jpg","focalPointLeft":0.49,"focalPointTop":0.3466666666666667,"imageOwner":"\u00C5ke E:son Lindman "},"link":{"text":"Regeringsuppdraget","target":null,"url":"/uppdraget/regeringsuppdraget/"},"siteSection":null}],"siteSection":null}]}},"errorMessage":null,"errorNumber":0,"redirect":null}